[{"command":"insert","method":"before","selector":"#wrapper-more","data":"\u003Cdiv class=\u0022container\u0022\u003E\n    \u003Cdiv class=\u0022row pushs\u0022\u003E\n                    \u003Cdiv class=\u0022col-12 col-sm-6 col-md-4 col-lg-3\u0022\u003E\u003Cdiv class=\u0022objet-touristique teaserintuitiv entity-content new-teaser click-block\u0022 data-id=\u0022HLOecf7a147b8544\u0022 data-title=\u0022Dihan - H\u00f4tel de cabanes\u0022 data-id-intuitiv=\u0022sit-HLOecf7a147b8544\u0022 data-categorie-id=\u0022listing-44\u0022 data-insee=\u002256161\u0022 data-url=\u0022https:\/\/www.baiedequiberon.bzh\/preparer-son-sejour-en-baie-de-quiberon\/ou-dormir\/hebergements-insolites\/dihan-hotel-de-cabanes\u0022\u003E\n    \n    \n    \u003Cdiv class=\u0022content\u0022\u003E\n        \u003Cdiv class=\u0022content-image\u0022\u003E\n            \u003Cdiv class=\u0022image\u0022\u003E\n                    \u003Cpicture\u003E\n                  \u003Csource srcset=\u0022\/sites\/default\/files\/styles\/370x240\/public\/sit\/images\/HLOecf7a147b8544\/30-15.jpg?h=50844e28\u0026amp;itok=PFxOtA5x 1x\u0022 media=\u0022(min-width: 992px)\u0022 type=\u0022image\/jpeg\u0022 width=\u0022370\u0022 height=\u0022240\u0022\/\u003E\n              \u003Csource srcset=\u0022\/sites\/default\/files\/styles\/232x170\/public\/sit\/images\/HLOecf7a147b8544\/30-15.jpg?h=50844e28\u0026amp;itok=1GUBBBDx 1x\u0022 media=\u0022(min-width: 0)\u0022 type=\u0022image\/jpeg\u0022 width=\u0022232\u0022 height=\u0022170\u0022\/\u003E\n                  \u003Cimg loading=\u0022eager\u0022 width=\u0022232\u0022 height=\u0022170\u0022 src=\u0022\/sites\/default\/files\/styles\/232x170\/public\/sit\/images\/HLOecf7a147b8544\/30-15.jpg?h=50844e28\u0026amp;itok=1GUBBBDx\u0022 alt=\u0022Terrasse du caf\u00e9 lounge\u0022 title=\u0022Terrasse du caf\u00e9 lounge\u0022 \/\u003E\n\n  \u003C\/picture\u003E\n\n\n                            \u003C\/div\u003E\n                            \u003Cdiv class=\u0022categorie-parent\u0022\u003EH\u00e9bergements insolites\u003C\/div\u003E\n                    \u003C\/div\u003E\n        \u003Cdiv class=\u0022content-text\u0022\u003E\n            \u003Cdiv class=\u0022content-lieu\u0022\u003E\u00e0 Ploemel\u003C\/div\u003E\n            \u003Cdiv class=\u0022title-teaser\u0022\u003E\u003Ca href=\u0022https:\/\/www.baiedequiberon.bzh\/preparer-son-sejour-en-baie-de-quiberon\/ou-dormir\/hebergements-insolites\/dihan-hotel-de-cabanes\u0022 title=\u0022Dihan - H\u00f4tel de cabanes\u0022\u003EDihan - H\u00f4tel de cabanes\u003C\/a\u003E\u003C\/div\u003E\n                                \u003C\/div\u003E\n    \u003C\/div\u003E\n\u003C\/div\u003E\n\u003C\/div\u003E\n                    \u003Cdiv class=\u0022col-12 col-sm-6 col-md-4 col-lg-3\u0022\u003E\u003Cdiv class=\u0022objet-touristique teaserintuitiv entity-content new-teaser click-block\u0022 data-id=\u0022LOI71ec798e92764\u0022 data-title=\u0022Parc du P\u0026#039;tit D\u00e9lire\u0022 data-id-intuitiv=\u0022sit-LOI71ec798e92764\u0022 data-categorie-id=\u0022listing-27\u0022 data-insee=\u002256161\u0022 data-url=\u0022https:\/\/www.baiedequiberon.bzh\/preparer-son-sejour-en-baie-de-quiberon\/bons-plans-et-offres-speciales\/parc-du-p-tit-delire\u0022\u003E\n    \n    \n    \u003Cdiv class=\u0022content\u0022\u003E\n        \u003Cdiv class=\u0022content-image\u0022\u003E\n            \u003Cdiv class=\u0022image\u0022\u003E\n                    \u003Cpicture\u003E\n                  \u003Csource srcset=\u0022\/sites\/default\/files\/styles\/370x240\/public\/sit\/images\/LOI71ec798e92764\/DSC-2453-2.jpg?h=69f2b9d0\u0026amp;itok=dH6CCV0v 1x\u0022 media=\u0022(min-width: 992px)\u0022 type=\u0022image\/jpeg\u0022 width=\u0022370\u0022 height=\u0022240\u0022\/\u003E\n              \u003Csource srcset=\u0022\/sites\/default\/files\/styles\/232x170\/public\/sit\/images\/LOI71ec798e92764\/DSC-2453-2.jpg?h=69f2b9d0\u0026amp;itok=CKH7oGsO 1x\u0022 media=\u0022(min-width: 0)\u0022 type=\u0022image\/jpeg\u0022 width=\u0022232\u0022 height=\u0022170\u0022\/\u003E\n                  \u003Cimg loading=\u0022eager\u0022 width=\u0022232\u0022 height=\u0022170\u0022 src=\u0022\/sites\/default\/files\/styles\/232x170\/public\/sit\/images\/LOI71ec798e92764\/DSC-2453-2.jpg?h=69f2b9d0\u0026amp;itok=CKH7oGsO\u0022 alt=\u0022ESPACE AQUATIQUE\u0022 title=\u0022ESPACE AQUATIQUE\u0022 \/\u003E\n\n  \u003C\/picture\u003E\n\n\n                                    \u003Cdiv class=\u0022bandeau\u0022\u003EBon plan\u003C\/div\u003E\n                            \u003C\/div\u003E\n                            \u003Cdiv class=\u0022categorie-parent\u0022\u003ESports et loisirs en Bretagne sud\u003C\/div\u003E\n                    \u003C\/div\u003E\n        \u003Cdiv class=\u0022content-text\u0022\u003E\n            \u003Cdiv class=\u0022content-lieu\u0022\u003E\u00e0 Ploemel\u003C\/div\u003E\n            \u003Cdiv class=\u0022title-teaser\u0022\u003E\u003Ca href=\u0022https:\/\/www.baiedequiberon.bzh\/preparer-son-sejour-en-baie-de-quiberon\/bons-plans-et-offres-speciales\/parc-du-p-tit-delire\u0022 title=\u0022Parc du P\u0026#039;tit D\u00e9lire\u0022\u003EParc du P\u0026#039;tit D\u00e9lire\u003C\/a\u003E\u003C\/div\u003E\n                                        \u003Cdiv class=\u0022info-complementaire\u0022\u003ED\u00e8s \u003Cspan class=\u0022value\u0022\u003E14.5\u20ac\u003C\/span\u003E\u003Cspan class=\u0022libelle-value\u0022\u003E \/ pers.\u003C\/span\u003E\u003C\/div\u003E\n                    \u003C\/div\u003E\n    \u003C\/div\u003E\n\u003C\/div\u003E\n\u003C\/div\u003E\n                    \u003Cdiv class=\u0022col-12 col-sm-6 col-md-4 col-lg-3\u0022\u003E\u003Cdiv class=\u0022objet-touristique teaserintuitiv entity-content new-teaser click-block\u0022 data-id=\u0022FMABRE056V50DGOB\u0022 data-title=\u0022Initiations gratuites au golf\u0022 data-id-intuitiv=\u0022sit-FMABRE056V50DGOB\u0022 data-categorie-id=\u0022listing-4\u0022 data-insee=\u002256161\u0022 data-url=\u0022https:\/\/www.baiedequiberon.bzh\/a-voir-a-faire\/agenda\/initiations-gratuites-au-golf\u0022\u003E\n    \n    \n    \u003Cdiv class=\u0022content\u0022\u003E\n        \u003Cdiv class=\u0022content-image\u0022\u003E\n            \u003Cdiv class=\u0022image\u0022\u003E\n                    \u003Cpicture\u003E\n                  \u003Csource srcset=\u0022\/sites\/default\/files\/styles\/370x240\/public\/sit\/images\/FMABRE056V50DGOB\/20240905-151345-UTILISEE-POUR-VISUEL-STAGES-VACS-AUTOMNE-2.jpg?h=ddb1ad0c\u0026amp;itok=hUvnOzNa 1x\u0022 media=\u0022(min-width: 992px)\u0022 type=\u0022image\/jpeg\u0022 width=\u0022370\u0022 height=\u0022240\u0022\/\u003E\n              \u003Csource srcset=\u0022\/sites\/default\/files\/styles\/232x170\/public\/sit\/images\/FMABRE056V50DGOB\/20240905-151345-UTILISEE-POUR-VISUEL-STAGES-VACS-AUTOMNE-2.jpg?h=ddb1ad0c\u0026amp;itok=_EktTPHx 1x\u0022 media=\u0022(min-width: 0)\u0022 type=\u0022image\/jpeg\u0022 width=\u0022232\u0022 height=\u0022170\u0022\/\u003E\n                  \u003Cimg loading=\u0022eager\u0022 width=\u0022232\u0022 height=\u0022170\u0022 src=\u0022\/sites\/default\/files\/styles\/232x170\/public\/sit\/images\/FMABRE056V50DGOB\/20240905-151345-UTILISEE-POUR-VISUEL-STAGES-VACS-AUTOMNE-2.jpg?h=ddb1ad0c\u0026amp;itok=_EktTPHx\u0022 alt=\u002220240905_151345 UTILISEE POUR VISUEL STAGES VACS AUTOMNE\u0022 title=\u002220240905_151345 UTILISEE POUR VISUEL STAGES VACS AUTOMNE\u0022 \/\u003E\n\n  \u003C\/picture\u003E\n\n\n                            \u003C\/div\u003E\n                            \u003Cdiv class=\u0022categorie-parent\u0022\u003EAgenda\u003C\/div\u003E\n                    \u003C\/div\u003E\n        \u003Cdiv class=\u0022content-text\u0022\u003E\n            \u003Cdiv class=\u0022content-lieu\u0022\u003E\u00e0 Ploemel\u003C\/div\u003E\n            \u003Cdiv class=\u0022title-teaser\u0022\u003E\u003Ca href=\u0022https:\/\/www.baiedequiberon.bzh\/a-voir-a-faire\/agenda\/initiations-gratuites-au-golf\u0022 title=\u0022Initiations gratuites au golf\u0022\u003EInitiations gratuites au golf\u003C\/a\u003E\u003C\/div\u003E\n                            \u003Cdiv class=\u0022info-complementaire\u0022\u003EJusqu\u0027au  \u003Cspan class=\u0022value\u0022\u003E31\/05\/2026\u003C\/span\u003E\u003C\/div\u003E\n                                \u003C\/div\u003E\n    \u003C\/div\u003E\n\u003C\/div\u003E\n\u003C\/div\u003E\n                    \u003Cdiv class=\u0022col-12 col-sm-6 col-md-4 col-lg-3\u0022\u003E\u003Cdiv class=\u0022objet-touristique teaserintuitiv entity-content new-teaser click-block\u0022 data-id=\u0022ORGBRE000V51K1V9\u0022 data-title=\u0022Den Ran\u0022 data-id-intuitiv=\u0022sit-ORGBRE000V51K1V9\u0022 data-categorie-id=\u0022listing-13\u0022 data-insee=\u002256161\u0022 data-url=\u0022https:\/\/www.baiedequiberon.bzh\/preparer-son-sejour-en-baie-de-quiberon\/commerces-et-services\/den-ran\u0022\u003E\n    \n    \n    \u003Cdiv class=\u0022content\u0022\u003E\n        \u003Cdiv class=\u0022content-image\u0022\u003E\n            \u003Cdiv class=\u0022image\u0022\u003E\n                    \u003Cpicture\u003E\n                  \u003Csource srcset=\u0022\/sites\/default\/files\/styles\/370x240\/public\/sit\/images\/ORGBRE000V51K1V9\/latrinitesurmer-denran-cordagesboutique.jpg?h=69f2b9d0\u0026amp;itok=RBDBRwQ1 1x\u0022 media=\u0022(min-width: 992px)\u0022 type=\u0022image\/jpeg\u0022 width=\u0022370\u0022 height=\u0022240\u0022\/\u003E\n              \u003Csource srcset=\u0022\/sites\/default\/files\/styles\/232x170\/public\/sit\/images\/ORGBRE000V51K1V9\/latrinitesurmer-denran-cordagesboutique.jpg?h=69f2b9d0\u0026amp;itok=jGFlPTU1 1x\u0022 media=\u0022(min-width: 0)\u0022 type=\u0022image\/jpeg\u0022 width=\u0022232\u0022 height=\u0022170\u0022\/\u003E\n                  \u003Cimg loading=\u0022eager\u0022 width=\u0022232\u0022 height=\u0022170\u0022 src=\u0022\/sites\/default\/files\/styles\/232x170\/public\/sit\/images\/ORGBRE000V51K1V9\/latrinitesurmer-denran-cordagesboutique.jpg?h=69f2b9d0\u0026amp;itok=jGFlPTU1\u0022 alt=\u0022latrinitesurmer_denran_cordagesboutique\u0022 title=\u0022latrinitesurmer_denran_cordagesboutique\u0022 \/\u003E\n\n  \u003C\/picture\u003E\n\n\n                            \u003C\/div\u003E\n                            \u003Cdiv class=\u0022categorie-parent\u0022\u003ECommerces et services\u003C\/div\u003E\n                    \u003C\/div\u003E\n        \u003Cdiv class=\u0022content-text\u0022\u003E\n            \u003Cdiv class=\u0022content-lieu\u0022\u003E\u00e0 Ploemel\u003C\/div\u003E\n            \u003Cdiv class=\u0022title-teaser\u0022\u003E\u003Ca href=\u0022https:\/\/www.baiedequiberon.bzh\/preparer-son-sejour-en-baie-de-quiberon\/commerces-et-services\/den-ran\u0022 title=\u0022Den Ran\u0022\u003EDen Ran\u003C\/a\u003E\u003C\/div\u003E\n                                \u003C\/div\u003E\n    \u003C\/div\u003E\n\u003C\/div\u003E\n\u003C\/div\u003E\n                    \u003Cdiv class=\u0022col-12 col-sm-6 col-md-4 col-lg-3\u0022\u003E\u003Cdiv class=\u0022objet-touristique teaserintuitiv entity-content new-teaser click-block\u0022 data-id=\u0022LOIBRE000V506B1E\u0022 data-title=\u0022Golf Bluegreen Saint-Laurent\u0022 data-id-intuitiv=\u0022sit-LOIBRE000V506B1E\u0022 data-categorie-id=\u0022listing-27\u0022 data-insee=\u002256161\u0022 data-url=\u0022https:\/\/www.baiedequiberon.bzh\/a-voir-a-faire\/pour-les-enfants-activites-et-sorties\/golf-bluegreen-saint-laurent\u0022\u003E\n    \n    \n    \u003Cdiv class=\u0022content\u0022\u003E\n        \u003Cdiv class=\u0022content-image\u0022\u003E\n            \u003Cdiv class=\u0022image\u0022\u003E\n                    \u003Cpicture\u003E\n                  \u003Csource srcset=\u0022\/sites\/default\/files\/styles\/370x240\/public\/sit\/images\/LOIBRE000V506B1E\/07ab8655-3864-4b48-80d3-6a456252b313-134-346ddc4521354d51a54fedc9b13fc7a7.jpg?h=69f2b9d0\u0026amp;itok=66wBjZPO 1x\u0022 media=\u0022(min-width: 992px)\u0022 type=\u0022image\/jpeg\u0022 width=\u0022370\u0022 height=\u0022240\u0022\/\u003E\n              \u003Csource srcset=\u0022\/sites\/default\/files\/styles\/232x170\/public\/sit\/images\/LOIBRE000V506B1E\/07ab8655-3864-4b48-80d3-6a456252b313-134-346ddc4521354d51a54fedc9b13fc7a7.jpg?h=69f2b9d0\u0026amp;itok=bew3ibYw 1x\u0022 media=\u0022(min-width: 0)\u0022 type=\u0022image\/jpeg\u0022 width=\u0022232\u0022 height=\u0022170\u0022\/\u003E\n                  \u003Cimg loading=\u0022eager\u0022 width=\u0022232\u0022 height=\u0022170\u0022 src=\u0022\/sites\/default\/files\/styles\/232x170\/public\/sit\/images\/LOIBRE000V506B1E\/07ab8655-3864-4b48-80d3-6a456252b313-134-346ddc4521354d51a54fedc9b13fc7a7.jpg?h=69f2b9d0\u0026amp;itok=bew3ibYw\u0022 alt=\u0022Loisirs-Golf-Auray-Morbihan-Bretagne-Sud\u0022 title=\u0022Loisirs-Golf-Auray-Morbihan-Bretagne-Sud\u0022 \/\u003E\n\n  \u003C\/picture\u003E\n\n\n                            \u003C\/div\u003E\n                            \u003Cdiv class=\u0022categorie-parent\u0022\u003ESports et loisirs en Bretagne sud\u003C\/div\u003E\n                    \u003C\/div\u003E\n        \u003Cdiv class=\u0022content-text\u0022\u003E\n            \u003Cdiv class=\u0022content-lieu\u0022\u003E\u00e0 Ploemel\u003C\/div\u003E\n            \u003Cdiv class=\u0022title-teaser\u0022\u003E\u003Ca href=\u0022https:\/\/www.baiedequiberon.bzh\/a-voir-a-faire\/pour-les-enfants-activites-et-sorties\/golf-bluegreen-saint-laurent\u0022 title=\u0022Golf Bluegreen Saint-Laurent\u0022\u003EGolf Bluegreen Saint-Laurent\u003C\/a\u003E\u003C\/div\u003E\n                                        \u003Cdiv class=\u0022info-complementaire\u0022\u003ED\u00e8s \u003Cspan class=\u0022value\u0022\u003E82\u20ac\u003C\/span\u003E\u003Cspan class=\u0022libelle-value\u0022\u003E \/ pers.\u003C\/span\u003E\u003C\/div\u003E\n                    \u003C\/div\u003E\n    \u003C\/div\u003E\n\u003C\/div\u003E\n\u003C\/div\u003E\n                    \u003Cdiv class=\u0022col-12 col-sm-6 col-md-4 col-lg-3\u0022\u003E\u003Cdiv class=\u0022objet-touristique teaserintuitiv entity-content new-teaser click-block\u0022 data-id=\u0022LOIBRE000V506K3P\u0022 data-title=\u0022Kart 56\u0022 data-id-intuitiv=\u0022sit-LOIBRE000V506K3P\u0022 data-categorie-id=\u0022listing-27\u0022 data-insee=\u002256161\u0022 data-url=\u0022https:\/\/www.baiedequiberon.bzh\/a-voir-a-faire\/pour-les-enfants-activites-et-sorties\/kart-56\u0022\u003E\n    \n    \n    \u003Cdiv class=\u0022content\u0022\u003E\n        \u003Cdiv class=\u0022content-image\u0022\u003E\n            \u003Cdiv class=\u0022image\u0022\u003E\n                    \u003Cpicture\u003E\n                  \u003Csource srcset=\u0022\/sites\/default\/files\/styles\/370x240\/public\/sit\/images\/LOIBRE000V506K3P\/hd-karting-ploemel---36-.jpg?h=69f2b9d0\u0026amp;itok=1vyzXOJ_ 1x\u0022 media=\u0022(min-width: 992px)\u0022 type=\u0022image\/jpeg\u0022 width=\u0022370\u0022 height=\u0022240\u0022\/\u003E\n              \u003Csource srcset=\u0022\/sites\/default\/files\/styles\/232x170\/public\/sit\/images\/LOIBRE000V506K3P\/hd-karting-ploemel---36-.jpg?h=69f2b9d0\u0026amp;itok=n6g9Bh7k 1x\u0022 media=\u0022(min-width: 0)\u0022 type=\u0022image\/jpeg\u0022 width=\u0022232\u0022 height=\u0022170\u0022\/\u003E\n                  \u003Cimg loading=\u0022eager\u0022 width=\u0022232\u0022 height=\u0022170\u0022 src=\u0022\/sites\/default\/files\/styles\/232x170\/public\/sit\/images\/LOIBRE000V506K3P\/hd-karting-ploemel---36-.jpg?h=69f2b9d0\u0026amp;itok=n6g9Bh7k\u0022 alt=\u0022karting-ploemel-morbihan-bretagne-sud-08\u0022 title=\u0022karting-ploemel-morbihan-bretagne-sud-08\u0022 \/\u003E\n\n  \u003C\/picture\u003E\n\n\n                            \u003C\/div\u003E\n                            \u003Cdiv class=\u0022categorie-parent\u0022\u003ESports et loisirs en Bretagne sud\u003C\/div\u003E\n                    \u003C\/div\u003E\n        \u003Cdiv class=\u0022content-text\u0022\u003E\n            \u003Cdiv class=\u0022content-lieu\u0022\u003E\u00e0 Ploemel\u003C\/div\u003E\n            \u003Cdiv class=\u0022title-teaser\u0022\u003E\u003Ca href=\u0022https:\/\/www.baiedequiberon.bzh\/a-voir-a-faire\/pour-les-enfants-activites-et-sorties\/kart-56\u0022 title=\u0022Kart 56\u0022\u003EKart 56\u003C\/a\u003E\u003C\/div\u003E\n                                \u003C\/div\u003E\n    \u003C\/div\u003E\n\u003C\/div\u003E\n\u003C\/div\u003E\n                    \u003Cdiv class=\u0022col-12 col-sm-6 col-md-4 col-lg-3\u0022\u003E\u003Cdiv class=\u0022objet-touristique teaserintuitiv entity-content new-teaser click-block\u0022 data-id=\u0022PCU6c6a85db20db4\u0022 data-title=\u0022Chapelle Notre-Dame de Recouvrance\u0022 data-id-intuitiv=\u0022sit-PCU6c6a85db20db4\u0022 data-categorie-id=\u0022listing-11\u0022 data-insee=\u002256161\u0022 data-url=\u0022https:\/\/www.baiedequiberon.bzh\/a-voir-a-faire\/culture-et-patrimoine\/chapelles-et-eglises\/chapelle-notre-dame-de-recouvrance\u0022\u003E\n    \n    \n    \u003Cdiv class=\u0022content\u0022\u003E\n        \u003Cdiv class=\u0022content-image\u0022\u003E\n            \u003Cdiv class=\u0022image\u0022\u003E\n                    \u003Cpicture\u003E\n                  \u003Csource srcset=\u0022\/sites\/default\/files\/styles\/370x240\/public\/sit\/images\/PCU6c6a85db20db4\/Capture-d-ecran-2025-10-30-a-12.24.12.jpg?h=83544dcf\u0026amp;itok=UNBFLIKR 1x\u0022 media=\u0022(min-width: 992px)\u0022 type=\u0022image\/jpeg\u0022 width=\u0022370\u0022 height=\u0022240\u0022\/\u003E\n              \u003Csource srcset=\u0022\/sites\/default\/files\/styles\/232x170\/public\/sit\/images\/PCU6c6a85db20db4\/Capture-d-ecran-2025-10-30-a-12.24.12.jpg?h=83544dcf\u0026amp;itok=O7eS0ghr 1x\u0022 media=\u0022(min-width: 0)\u0022 type=\u0022image\/jpeg\u0022 width=\u0022232\u0022 height=\u0022170\u0022\/\u003E\n                  \u003Cimg loading=\u0022eager\u0022 width=\u0022232\u0022 height=\u0022170\u0022 src=\u0022\/sites\/default\/files\/styles\/232x170\/public\/sit\/images\/PCU6c6a85db20db4\/Capture-d-ecran-2025-10-30-a-12.24.12.jpg?h=83544dcf\u0026amp;itok=O7eS0ghr\u0022 alt=\u0022Chapelle Notre-Dame de Recouvrance\u0022 title=\u0022Chapelle Notre-Dame de Recouvrance\u0022 \/\u003E\n\n  \u003C\/picture\u003E\n\n\n                            \u003C\/div\u003E\n                            \u003Cdiv class=\u0022categorie-parent\u0022\u003EChapelles et \u00e9glises\u003C\/div\u003E\n                    \u003C\/div\u003E\n        \u003Cdiv class=\u0022content-text\u0022\u003E\n            \u003Cdiv class=\u0022content-lieu\u0022\u003E\u00e0 Ploemel\u003C\/div\u003E\n            \u003Cdiv class=\u0022title-teaser\u0022\u003E\u003Ca href=\u0022https:\/\/www.baiedequiberon.bzh\/a-voir-a-faire\/culture-et-patrimoine\/chapelles-et-eglises\/chapelle-notre-dame-de-recouvrance\u0022 title=\u0022Chapelle Notre-Dame de Recouvrance\u0022\u003EChapelle Notre-Dame de Recouvrance\u003C\/a\u003E\u003C\/div\u003E\n                                \u003C\/div\u003E\n    \u003C\/div\u003E\n\u003C\/div\u003E\n\u003C\/div\u003E\n                    \u003Cdiv class=\u0022col-12 col-sm-6 col-md-4 col-lg-3\u0022\u003E\u003Cdiv class=\u0022objet-touristique teaserintuitiv entity-content new-teaser click-block\u0022 data-id=\u0022HPABRE000V51ITTA\u0022 data-title=\u0022Dihan Evasion\u0022 data-id-intuitiv=\u0022sit-HPABRE000V51ITTA\u0022 data-categorie-id=\u0022listing-8\u0022 data-insee=\u002256161\u0022 data-url=\u0022https:\/\/www.baiedequiberon.bzh\/preparer-son-sejour-en-baie-de-quiberon\/ou-dormir\/campings\/dihan-evasion\u0022\u003E\n    \n    \n    \u003Cdiv class=\u0022content\u0022\u003E\n        \u003Cdiv class=\u0022content-image\u0022\u003E\n            \u003Cdiv class=\u0022image\u0022\u003E\n                    \u003Cpicture\u003E\n                  \u003Csource srcset=\u0022\/sites\/default\/files\/styles\/370x240\/public\/sit\/images\/HPABRE000V51ITTA\/Capture-d-ecran-2024-04-25-a-12.03.45.jpg?h=199d8c1f\u0026amp;itok=8qseRtWL 1x\u0022 media=\u0022(min-width: 992px)\u0022 type=\u0022image\/jpeg\u0022 width=\u0022370\u0022 height=\u0022240\u0022\/\u003E\n              \u003Csource srcset=\u0022\/sites\/default\/files\/styles\/232x170\/public\/sit\/images\/HPABRE000V51ITTA\/Capture-d-ecran-2024-04-25-a-12.03.45.jpg?h=199d8c1f\u0026amp;itok=KpLu3rRX 1x\u0022 media=\u0022(min-width: 0)\u0022 type=\u0022image\/jpeg\u0022 width=\u0022232\u0022 height=\u0022170\u0022\/\u003E\n                  \u003Cimg loading=\u0022eager\u0022 width=\u0022232\u0022 height=\u0022170\u0022 src=\u0022\/sites\/default\/files\/styles\/232x170\/public\/sit\/images\/HPABRE000V51ITTA\/Capture-d-ecran-2024-04-25-a-12.03.45.jpg?h=199d8c1f\u0026amp;itok=KpLu3rRX\u0022 alt=\u0022ecolodges nature\u0022 title=\u0022ecolodges nature\u0022 \/\u003E\n\n  \u003C\/picture\u003E\n\n\n                            \u003C\/div\u003E\n                            \u003Cdiv class=\u0022categorie-parent\u0022\u003ECampings\u003C\/div\u003E\n                    \u003C\/div\u003E\n        \u003Cdiv class=\u0022content-text\u0022\u003E\n            \u003Cdiv class=\u0022content-lieu\u0022\u003E\u00e0 Ploemel\u003C\/div\u003E\n            \u003Cdiv class=\u0022title-teaser\u0022\u003E\u003Ca href=\u0022https:\/\/www.baiedequiberon.bzh\/preparer-son-sejour-en-baie-de-quiberon\/ou-dormir\/campings\/dihan-evasion\u0022 title=\u0022Dihan Evasion\u0022\u003EDihan Evasion\u003C\/a\u003E\u003C\/div\u003E\n                                \u003C\/div\u003E\n    \u003C\/div\u003E\n\u003C\/div\u003E\n\u003C\/div\u003E\n                    \u003Cdiv class=\u0022col-12 col-sm-6 col-md-4 col-lg-3\u0022\u003E\u003Cdiv class=\u0022objet-touristique teaserintuitiv entity-content new-teaser click-block\u0022 data-id=\u0022PCUBRE000V51K1W2\u0022 data-title=\u0022Chapelle Saint-Laurent\u0022 data-id-intuitiv=\u0022sit-PCUBRE000V51K1W2\u0022 data-categorie-id=\u0022listing-11\u0022 data-insee=\u002256161\u0022 data-url=\u0022https:\/\/www.baiedequiberon.bzh\/a-voir-a-faire\/culture-et-patrimoine\/chapelles-et-eglises\/chapelle-saint-laurent\u0022\u003E\n    \n    \n    \u003Cdiv class=\u0022content\u0022\u003E\n        \u003Cdiv class=\u0022content-image\u0022\u003E\n            \u003Cdiv class=\u0022image\u0022\u003E\n                    \u003Cpicture\u003E\n                  \u003Csource srcset=\u0022\/sites\/default\/files\/styles\/370x240\/public\/sit\/images\/PCUBRE000V51K1W2\/st-laurent-ploemel.jpg?h=7905f18b\u0026amp;itok=kOqlS2Yh 1x\u0022 media=\u0022(min-width: 992px)\u0022 type=\u0022image\/jpeg\u0022 width=\u0022370\u0022 height=\u0022240\u0022\/\u003E\n              \u003Csource srcset=\u0022\/sites\/default\/files\/styles\/232x170\/public\/sit\/images\/PCUBRE000V51K1W2\/st-laurent-ploemel.jpg?h=7905f18b\u0026amp;itok=UmjVSSLN 1x\u0022 media=\u0022(min-width: 0)\u0022 type=\u0022image\/jpeg\u0022 width=\u0022232\u0022 height=\u0022170\u0022\/\u003E\n                  \u003Cimg loading=\u0022eager\u0022 width=\u0022232\u0022 height=\u0022170\u0022 src=\u0022\/sites\/default\/files\/styles\/232x170\/public\/sit\/images\/PCUBRE000V51K1W2\/st-laurent-ploemel.jpg?h=7905f18b\u0026amp;itok=UmjVSSLN\u0022 alt=\u0022st+laurent+ploemel\u0022 title=\u0022st+laurent+ploemel\u0022 \/\u003E\n\n  \u003C\/picture\u003E\n\n\n                            \u003C\/div\u003E\n                            \u003Cdiv class=\u0022categorie-parent\u0022\u003EChapelles et \u00e9glises\u003C\/div\u003E\n                    \u003C\/div\u003E\n        \u003Cdiv class=\u0022content-text\u0022\u003E\n            \u003Cdiv class=\u0022content-lieu\u0022\u003E\u00e0 Ploemel\u003C\/div\u003E\n            \u003Cdiv class=\u0022title-teaser\u0022\u003E\u003Ca href=\u0022https:\/\/www.baiedequiberon.bzh\/a-voir-a-faire\/culture-et-patrimoine\/chapelles-et-eglises\/chapelle-saint-laurent\u0022 title=\u0022Chapelle Saint-Laurent\u0022\u003EChapelle Saint-Laurent\u003C\/a\u003E\u003C\/div\u003E\n                                \u003C\/div\u003E\n    \u003C\/div\u003E\n\u003C\/div\u003E\n\u003C\/div\u003E\n                    \u003Cdiv class=\u0022col-12 col-sm-6 col-md-4 col-lg-3\u0022\u003E\u003Cdiv class=\u0022objet-touristique teaserintuitiv entity-content new-teaser click-block\u0022 data-id=\u0022PCUBRE056V50D1Y3\u0022 data-title=\u0022Chapelle Saint-M\u00e9en\u0022 data-id-intuitiv=\u0022sit-PCUBRE056V50D1Y3\u0022 data-categorie-id=\u0022listing-11\u0022 data-insee=\u002256161\u0022 data-url=\u0022https:\/\/www.baiedequiberon.bzh\/a-voir-a-faire\/culture-et-patrimoine\/chapelles-et-eglises\/chapelle-saint-meen\u0022\u003E\n    \n    \n    \u003Cdiv class=\u0022content\u0022\u003E\n        \u003Cdiv class=\u0022content-image\u0022\u003E\n            \u003Cdiv class=\u0022image\u0022\u003E\n                    \u003Cpicture\u003E\n                  \u003Csource srcset=\u0022\/sites\/default\/files\/styles\/370x240\/public\/sit\/images\/PCUBRE056V50D1Y3\/Capture-d-ecran-2025-10-30-a-11.30.25.jpg?h=4678956a\u0026amp;itok=yPJTmyEk 1x\u0022 media=\u0022(min-width: 992px)\u0022 type=\u0022image\/jpeg\u0022 width=\u0022370\u0022 height=\u0022240\u0022\/\u003E\n              \u003Csource srcset=\u0022\/sites\/default\/files\/styles\/232x170\/public\/sit\/images\/PCUBRE056V50D1Y3\/Capture-d-ecran-2025-10-30-a-11.30.25.jpg?h=4678956a\u0026amp;itok=YaKLev9q 1x\u0022 media=\u0022(min-width: 0)\u0022 type=\u0022image\/jpeg\u0022 width=\u0022232\u0022 height=\u0022170\u0022\/\u003E\n                  \u003Cimg loading=\u0022eager\u0022 width=\u0022232\u0022 height=\u0022170\u0022 src=\u0022\/sites\/default\/files\/styles\/232x170\/public\/sit\/images\/PCUBRE056V50D1Y3\/Capture-d-ecran-2025-10-30-a-11.30.25.jpg?h=4678956a\u0026amp;itok=YaKLev9q\u0022 alt=\u0022Chapelle Saint-M\u00e9en\u0022 title=\u0022Chapelle Saint-M\u00e9en\u0022 \/\u003E\n\n  \u003C\/picture\u003E\n\n\n                            \u003C\/div\u003E\n                            \u003Cdiv class=\u0022categorie-parent\u0022\u003EChapelles et \u00e9glises\u003C\/div\u003E\n                    \u003C\/div\u003E\n        \u003Cdiv class=\u0022content-text\u0022\u003E\n            \u003Cdiv class=\u0022content-lieu\u0022\u003E\u00e0 Ploemel\u003C\/div\u003E\n            \u003Cdiv class=\u0022title-teaser\u0022\u003E\u003Ca href=\u0022https:\/\/www.baiedequiberon.bzh\/a-voir-a-faire\/culture-et-patrimoine\/chapelles-et-eglises\/chapelle-saint-meen\u0022 title=\u0022Chapelle Saint-M\u00e9en\u0022\u003EChapelle Saint-M\u00e9en\u003C\/a\u003E\u003C\/div\u003E\n                                \u003C\/div\u003E\n    \u003C\/div\u003E\n\u003C\/div\u003E\n\u003C\/div\u003E\n                    \u003Cdiv class=\u0022col-12 col-sm-6 col-md-4 col-lg-3\u0022\u003E\u003Cdiv class=\u0022objet-touristique teaserintuitiv entity-content new-teaser click-block\u0022 data-id=\u0022RES35d54f16bb1a4\u0022 data-title=\u0022La Belle Folie\u0022 data-id-intuitiv=\u0022sit-RES35d54f16bb1a4\u0022 data-categorie-id=\u0022listing-26\u0022 data-insee=\u002256161\u0022 data-url=\u0022https:\/\/www.baiedequiberon.bzh\/preparer-son-sejour-en-baie-de-quiberon\/savourer\/restaurants-en-baie-de-quiberon\/la-belle-folie\u0022\u003E\n    \n    \n    \u003Cdiv class=\u0022content\u0022\u003E\n        \u003Cdiv class=\u0022content-image\u0022\u003E\n            \u003Cdiv class=\u0022image\u0022\u003E\n                    \u003Cpicture\u003E\n                  \u003Csource srcset=\u0022\/sites\/default\/files\/styles\/370x240\/public\/sit\/images\/RES35d54f16bb1a4\/La-belle-folie--027-006.jpg?h=199d8c1f\u0026amp;itok=8xzXBJB1 1x\u0022 media=\u0022(min-width: 992px)\u0022 type=\u0022image\/jpeg\u0022 width=\u0022370\u0022 height=\u0022240\u0022\/\u003E\n              \u003Csource srcset=\u0022\/sites\/default\/files\/styles\/232x170\/public\/sit\/images\/RES35d54f16bb1a4\/La-belle-folie--027-006.jpg?h=199d8c1f\u0026amp;itok=LMxPlV8y 1x\u0022 media=\u0022(min-width: 0)\u0022 type=\u0022image\/jpeg\u0022 width=\u0022232\u0022 height=\u0022170\u0022\/\u003E\n                  \u003Cimg loading=\u0022eager\u0022 width=\u0022232\u0022 height=\u0022170\u0022 src=\u0022\/sites\/default\/files\/styles\/232x170\/public\/sit\/images\/RES35d54f16bb1a4\/La-belle-folie--027-006.jpg?h=199d8c1f\u0026amp;itok=LMxPlV8y\u0022 alt=\u0022La_belle_folie__027_006\u0022 title=\u0022La_belle_folie__027_006\u0022 \/\u003E\n\n  \u003C\/picture\u003E\n\n\n                            \u003C\/div\u003E\n                            \u003Cdiv class=\u0022categorie-parent\u0022\u003ERestaurants en Baie de Quiberon\u003C\/div\u003E\n                    \u003C\/div\u003E\n        \u003Cdiv class=\u0022content-text\u0022\u003E\n            \u003Cdiv class=\u0022content-lieu\u0022\u003E\u00e0 Ploemel\u003C\/div\u003E\n            \u003Cdiv class=\u0022title-teaser\u0022\u003E\u003Ca href=\u0022https:\/\/www.baiedequiberon.bzh\/preparer-son-sejour-en-baie-de-quiberon\/savourer\/restaurants-en-baie-de-quiberon\/la-belle-folie\u0022 title=\u0022La Belle Folie\u0022\u003ELa Belle Folie\u003C\/a\u003E\u003C\/div\u003E\n                                \u003C\/div\u003E\n    \u003C\/div\u003E\n\u003C\/div\u003E\n\u003C\/div\u003E\n                    \u003Cdiv class=\u0022col-12 col-sm-6 col-md-4 col-lg-3\u0022\u003E\u003Cdiv class=\u0022objet-touristique teaserintuitiv entity-content new-teaser click-block\u0022 data-id=\u0022PCUBRE056V50D1Y6\u0022 data-title=\u0022Chapelle Notre-Dame de Piti\u00e9\u0022 data-id-intuitiv=\u0022sit-PCUBRE056V50D1Y6\u0022 data-categorie-id=\u0022listing-11\u0022 data-insee=\u002256161\u0022 data-url=\u0022https:\/\/www.baiedequiberon.bzh\/a-voir-a-faire\/culture-et-patrimoine\/chapelles-et-eglises\/chapelle-notre-dame-de-pitie\u0022\u003E\n    \n    \n    \u003Cdiv class=\u0022content\u0022\u003E\n        \u003Cdiv class=\u0022content-image\u0022\u003E\n            \u003Cdiv class=\u0022image\u0022\u003E\n                    \u003Cpicture\u003E\n                  \u003Csource srcset=\u0022\/sites\/default\/files\/styles\/370x240\/public\/sit\/images\/PCUBRE056V50D1Y6\/Capture-d-ecran-2025-10-30-a-11.34.24.jpg?h=a16e6ec2\u0026amp;itok=dieiOno2 1x\u0022 media=\u0022(min-width: 992px)\u0022 type=\u0022image\/jpeg\u0022 width=\u0022370\u0022 height=\u0022240\u0022\/\u003E\n              \u003Csource srcset=\u0022\/sites\/default\/files\/styles\/232x170\/public\/sit\/images\/PCUBRE056V50D1Y6\/Capture-d-ecran-2025-10-30-a-11.34.24.jpg?h=a16e6ec2\u0026amp;itok=rH7zNAOe 1x\u0022 media=\u0022(min-width: 0)\u0022 type=\u0022image\/jpeg\u0022 width=\u0022232\u0022 height=\u0022170\u0022\/\u003E\n                  \u003Cimg loading=\u0022eager\u0022 width=\u0022232\u0022 height=\u0022170\u0022 src=\u0022\/sites\/default\/files\/styles\/232x170\/public\/sit\/images\/PCUBRE056V50D1Y6\/Capture-d-ecran-2025-10-30-a-11.34.24.jpg?h=a16e6ec2\u0026amp;itok=rH7zNAOe\u0022 alt=\u0022Chapelle Notre-Dame de Piti\u00e9\u0022 title=\u0022Chapelle Notre-Dame de Piti\u00e9\u0022 \/\u003E\n\n  \u003C\/picture\u003E\n\n\n                            \u003C\/div\u003E\n                            \u003Cdiv class=\u0022categorie-parent\u0022\u003EChapelles et \u00e9glises\u003C\/div\u003E\n                    \u003C\/div\u003E\n        \u003Cdiv class=\u0022content-text\u0022\u003E\n            \u003Cdiv class=\u0022content-lieu\u0022\u003E\u00e0 Ploemel\u003C\/div\u003E\n            \u003Cdiv class=\u0022title-teaser\u0022\u003E\u003Ca href=\u0022https:\/\/www.baiedequiberon.bzh\/a-voir-a-faire\/culture-et-patrimoine\/chapelles-et-eglises\/chapelle-notre-dame-de-pitie\u0022 title=\u0022Chapelle Notre-Dame de Piti\u00e9\u0022\u003EChapelle Notre-Dame de Piti\u00e9\u003C\/a\u003E\u003C\/div\u003E\n                                \u003C\/div\u003E\n    \u003C\/div\u003E\n\u003C\/div\u003E\n\u003C\/div\u003E\n                    \u003Cdiv class=\u0022col-12 col-sm-6 col-md-4 col-lg-3\u0022\u003E\u003Cdiv data-history-node-id=\u0022416\u0022 class=\u0022entity-content new-teaser click-block node node-page-editoriale teaserintuitiv\u0022 data-id-intuitiv=\u0022edito-416\u0022 data-url=\u0022https:\/\/www.baiedequiberon.bzh\/espace-professionnel\/encadrement-des-meubles-de-tourisme\u0022\u003E\n    \n    \n    \u003Cdiv class=\u0022content\u0022\u003E\n        \u003Cdiv class=\u0022content-image\u0022\u003E\n            \u003Cdiv class=\u0022image\u0022\u003E\n                  \u003Cpicture\u003E\n                  \u003Csource srcset=\u0022\/sites\/default\/files\/styles\/370x240\/public\/2025-03\/st_julien_quiberon_2022_18_1224x816.jpg?h=81bf37af\u0026amp;itok=FJyTte_b 1x\u0022 media=\u0022(min-width: 992px)\u0022 type=\u0022image\/jpeg\u0022 width=\u0022370\u0022 height=\u0022240\u0022\/\u003E\n              \u003Csource srcset=\u0022\/sites\/default\/files\/styles\/232x170\/public\/2025-03\/st_julien_quiberon_2022_18_1224x816.jpg?h=81bf37af\u0026amp;itok=35ENJwWJ 1x\u0022 media=\u0022(min-width: 0)\u0022 type=\u0022image\/jpeg\u0022 width=\u0022232\u0022 height=\u0022170\u0022\/\u003E\n                  \u003Cimg width=\u0022232\u0022 height=\u0022170\u0022 src=\u0022\/sites\/default\/files\/styles\/232x170\/public\/2025-03\/st_julien_quiberon_2022_18_1224x816.jpg?h=81bf37af\u0026amp;itok=35ENJwWJ\u0022 alt=\u0022Encadrement des meubl\u00e9s de tourisme\u0022 title=\u0022Encadrement des meubl\u00e9s de tourisme\u0022 loading=\u0022lazy\u0022 \/\u003E\n\n  \u003C\/picture\u003E\n\n            \u003C\/div\u003E\n                            \u003Cdiv class=\u0022categorie-parent\u0022\u003EEspace partenaires et professionnels\u003C\/div\u003E\n                    \u003C\/div\u003E\n        \u003Cdiv class=\u0022content-text\u0022\u003E\n            \u003Cdiv class=\u0022title-teaser\u0022\u003E\n                                    \u003Ca href=\u0022https:\/\/www.baiedequiberon.bzh\/espace-professionnel\/encadrement-des-meubles-de-tourisme\u0022\u003E\n\u003Cspan\u003EEncadrement des meubl\u00e9s de tourisme\u003C\/span\u003E\n\u003C\/a\u003E\n                            \u003C\/div\u003E\n                                            \u003C\/div\u003E\n    \u003C\/div\u003E\n\u003C\/div\u003E\n\u003C\/div\u003E\n                    \u003Cdiv class=\u0022col-12 col-sm-6 col-md-4 col-lg-3\u0022\u003E\u003Cdiv data-history-node-id=\u0022367\u0022 class=\u0022entity-content new-teaser click-block node node-page-editoriale teaserintuitiv\u0022 data-id-intuitiv=\u0022edito-367\u0022 data-url=\u0022https:\/\/www.baiedequiberon.bzh\/stationner-en-camping-car\u0022\u003E\n    \n    \n    \u003Cdiv class=\u0022content\u0022\u003E\n        \u003Cdiv class=\u0022content-image\u0022\u003E\n            \u003Cdiv class=\u0022image\u0022\u003E\n                  \u003Cpicture\u003E\n                  \u003Csource srcset=\u0022\/sites\/default\/files\/styles\/370x240\/public\/2025-03\/Design%20sans%20titre%20%283%29.png?h=89c01e18\u0026amp;itok=qnhB8vPS 1x\u0022 media=\u0022(min-width: 992px)\u0022 type=\u0022image\/png\u0022 width=\u0022370\u0022 height=\u0022240\u0022\/\u003E\n              \u003Csource srcset=\u0022\/sites\/default\/files\/styles\/232x170\/public\/2025-03\/Design%20sans%20titre%20%283%29.png?h=89c01e18\u0026amp;itok=kntvf717 1x\u0022 media=\u0022(min-width: 0)\u0022 type=\u0022image\/png\u0022 width=\u0022232\u0022 height=\u0022170\u0022\/\u003E\n                  \u003Cimg width=\u0022232\u0022 height=\u0022170\u0022 src=\u0022\/sites\/default\/files\/styles\/232x170\/public\/2025-03\/Design%20sans%20titre%20%283%29.png?h=89c01e18\u0026amp;itok=kntvf717\u0022 alt=\u0022Stationner en camping-car\u0022 title=\u0022Stationner en camping-car\u0022 loading=\u0022lazy\u0022 \/\u003E\n\n  \u003C\/picture\u003E\n\n            \u003C\/div\u003E\n                            \u003Cdiv class=\u0022categorie-parent\u0022\u003EStationner en Baie de Quiberon\u003C\/div\u003E\n                    \u003C\/div\u003E\n        \u003Cdiv class=\u0022content-text\u0022\u003E\n            \u003Cdiv class=\u0022title-teaser\u0022\u003E\n                                    \u003Ca href=\u0022https:\/\/www.baiedequiberon.bzh\/stationner-en-camping-car\u0022\u003E\n\u003Cspan\u003EStationner en camping-car\u003C\/span\u003E\n\u003C\/a\u003E\n                            \u003C\/div\u003E\n                                            \u003C\/div\u003E\n    \u003C\/div\u003E\n\u003C\/div\u003E\n\u003C\/div\u003E\n                    \u003Cdiv class=\u0022col-12 col-sm-6 col-md-4 col-lg-3\u0022\u003E\u003Cdiv class=\u0022objet-touristique teaserintuitiv entity-content new-teaser click-block\u0022 data-id=\u0022PCU68e330c195e24\u0022 data-title=\u0022Chapelle Saint-Sauveur\u0022 data-id-intuitiv=\u0022sit-PCU68e330c195e24\u0022 data-categorie-id=\u0022listing-11\u0022 data-insee=\u002256054\u0022 data-url=\u0022https:\/\/www.baiedequiberon.bzh\/a-voir-a-faire\/culture-et-patrimoine\/chapelles-et-eglises\/chapelle-saint-sauveur\u0022\u003E\n    \n    \n    \u003Cdiv class=\u0022content\u0022\u003E\n        \u003Cdiv class=\u0022content-image\u0022\u003E\n            \u003Cdiv class=\u0022image\u0022\u003E\n                    \u003Cpicture\u003E\n                  \u003Csource srcset=\u0022\/sites\/default\/files\/styles\/370x240\/public\/sit\/images\/PCU68e330c195e24\/Capture-d-ecran-2025-10-30-a-10.02.39.jpg?h=b4b77820\u0026amp;itok=jthOGVqm 1x\u0022 media=\u0022(min-width: 992px)\u0022 type=\u0022image\/jpeg\u0022 width=\u0022370\u0022 height=\u0022240\u0022\/\u003E\n              \u003Csource srcset=\u0022\/sites\/default\/files\/styles\/232x170\/public\/sit\/images\/PCU68e330c195e24\/Capture-d-ecran-2025-10-30-a-10.02.39.jpg?h=b4b77820\u0026amp;itok=W95GAS9p 1x\u0022 media=\u0022(min-width: 0)\u0022 type=\u0022image\/jpeg\u0022 width=\u0022232\u0022 height=\u0022170\u0022\/\u003E\n                  \u003Cimg loading=\u0022eager\u0022 width=\u0022232\u0022 height=\u0022170\u0022 src=\u0022\/sites\/default\/files\/styles\/232x170\/public\/sit\/images\/PCU68e330c195e24\/Capture-d-ecran-2025-10-30-a-10.02.39.jpg?h=b4b77820\u0026amp;itok=W95GAS9p\u0022 alt=\u0022Chapelle Saint-Sauveur\u0022 title=\u0022Chapelle Saint-Sauveur\u0022 \/\u003E\n\n  \u003C\/picture\u003E\n\n\n                            \u003C\/div\u003E\n                            \u003Cdiv class=\u0022categorie-parent\u0022\u003EChapelles et \u00e9glises\u003C\/div\u003E\n                    \u003C\/div\u003E\n        \u003Cdiv class=\u0022content-text\u0022\u003E\n            \u003Cdiv class=\u0022content-lieu\u0022\u003E\u00e0 Erdeven\u003C\/div\u003E\n            \u003Cdiv class=\u0022title-teaser\u0022\u003E\u003Ca href=\u0022https:\/\/www.baiedequiberon.bzh\/a-voir-a-faire\/culture-et-patrimoine\/chapelles-et-eglises\/chapelle-saint-sauveur\u0022 title=\u0022Chapelle Saint-Sauveur\u0022\u003EChapelle Saint-Sauveur\u003C\/a\u003E\u003C\/div\u003E\n                                \u003C\/div\u003E\n    \u003C\/div\u003E\n\u003C\/div\u003E\n\u003C\/div\u003E\n                    \u003Cdiv class=\u0022col-12 col-sm-6 col-md-4 col-lg-3\u0022\u003E\u003Cdiv class=\u0022objet-touristique teaserintuitiv entity-content new-teaser click-block\u0022 data-id=\u0022ITIBRE056V508J74\u0022 data-title=\u0022Erdeven - Circuit VTT - Sentier de la vieille route\u0022 data-id-intuitiv=\u0022sit-ITIBRE056V508J74\u0022 data-categorie-id=\u0022listing-24\u0022 data-insee=\u002256054\u0022 data-url=\u0022https:\/\/www.baiedequiberon.bzh\/explorer\/randonnees-en-baie-de-quiberon\/randonnees-a-velo\/erdeven-circuit-vtt-sentier-de-la-vieille-route\u0022\u003E\n    \n    \n    \u003Cdiv class=\u0022content\u0022\u003E\n        \u003Cdiv class=\u0022content-image\u0022\u003E\n            \u003Cdiv class=\u0022image\u0022\u003E\n                    \u003Cpicture\u003E\n                  \u003Csource srcset=\u0022\/sites\/default\/files\/styles\/370x240\/public\/sit\/images\/ITIBRE056V508J74\/porche-parc-chateau-keraveon-erdeven-1008x672.jpg?h=3deee927\u0026amp;itok=pd84Ma8P 1x\u0022 media=\u0022(min-width: 992px)\u0022 type=\u0022image\/jpeg\u0022 width=\u0022370\u0022 height=\u0022240\u0022\/\u003E\n              \u003Csource srcset=\u0022\/sites\/default\/files\/styles\/232x170\/public\/sit\/images\/ITIBRE056V508J74\/porche-parc-chateau-keraveon-erdeven-1008x672.jpg?h=3deee927\u0026amp;itok=8x7cifuz 1x\u0022 media=\u0022(min-width: 0)\u0022 type=\u0022image\/jpeg\u0022 width=\u0022232\u0022 height=\u0022170\u0022\/\u003E\n                  \u003Cimg loading=\u0022eager\u0022 width=\u0022232\u0022 height=\u0022170\u0022 src=\u0022\/sites\/default\/files\/styles\/232x170\/public\/sit\/images\/ITIBRE056V508J74\/porche-parc-chateau-keraveon-erdeven-1008x672.jpg?h=3deee927\u0026amp;itok=8x7cifuz\u0022 alt=\u0022porche-parc-chateau-keraveon-erdeven_1008x672\u0022 title=\u0022porche-parc-chateau-keraveon-erdeven_1008x672\u0022 \/\u003E\n\n  \u003C\/picture\u003E\n\n\n                            \u003C\/div\u003E\n                            \u003Cdiv class=\u0022categorie-parent\u0022\u003ERandonn\u00e9es \u00e0 v\u00e9lo\u003C\/div\u003E\n                    \u003C\/div\u003E\n        \u003Cdiv class=\u0022content-text\u0022\u003E\n            \u003Cdiv class=\u0022content-lieu\u0022\u003E\u00e0 Erdeven\u003C\/div\u003E\n            \u003Cdiv class=\u0022title-teaser\u0022\u003E\u003Ca href=\u0022https:\/\/www.baiedequiberon.bzh\/explorer\/randonnees-en-baie-de-quiberon\/randonnees-a-velo\/erdeven-circuit-vtt-sentier-de-la-vieille-route\u0022 title=\u0022Erdeven - Circuit VTT - Sentier de la vieille route\u0022\u003EErdeven - Circuit VTT - Sentier de la vieille route\u003C\/a\u003E\u003C\/div\u003E\n                                \u003C\/div\u003E\n    \u003C\/div\u003E\n\u003C\/div\u003E\n\u003C\/div\u003E\n            \u003C\/div\u003E\n\u003C\/div\u003E\n","settings":null},{"command":"insert","method":"html","selector":"#wrapper-more","data":"\u003Cdiv id=\u0022wrapper-more\u0022 class=\u0022action\u0022\u003E\n  \u003Ca rel=\u0022nofollow\u0022 href=\u0022\/suggestions\/ploemel\/2\/ajax\u0022 class=\u0022bt-refresh use-ajax\u0022 title=\u0022En d\u00e9couvrir plus\u0022\u003EEn d\u00e9couvrir plus\u003C\/a\u003E\n\u003C\/div\u003E\n","settings":null}]